{"id":1,"date":"2011-10-29T08:23:05","date_gmt":"2011-10-29T08:23:05","guid":{"rendered":"http:\/\/www.centresocialfraisvallon.org\/?p=1"},"modified":"2016-10-13T16:11:31","modified_gmt":"2016-10-13T16:11:31","slug":"bonjour-tout-le-monde","status":"publish","type":"post","link":"https:\/\/www.centresocialfraisvallon.org\/?p=1","title":{"rendered":"Cartes de v\u0153ux 2015"},"content":{"rendered":"<p>Cr\u00e9ation graphique Vincent Perrottet.<\/p>\n<p><a href=\"http:\/\/www.centresocialfraisvallon.org\/wp-content\/uploads\/2011\/10\/VOEUX-RECTO-OK.jpg\"><img loading=\"lazy\" decoding=\"async\" class=\"  wp-image-112 alignleft\" src=\"http:\/\/www.centresocialfraisvallon.org\/wp-content\/uploads\/2011\/10\/VOEUX-RECTO-OK-300x223.jpg\" alt=\"VOEUX 2015\" width=\"317\" height=\"236\" srcset=\"https:\/\/www.centresocialfraisvallon.org\/wp-content\/uploads\/2011\/10\/VOEUX-RECTO-OK-300x223.jpg 300w, https:\/\/www.centresocialfraisvallon.org\/wp-content\/uploads\/2011\/10\/VOEUX-RECTO-OK-1024x761.jpg 1024w, https:\/\/www.centresocialfraisvallon.org\/wp-content\/uploads\/2011\/10\/VOEUX-RECTO-OK.jpg 1377w\" sizes=\"auto, (max-width: 317px) 100vw, 317px\" \/><\/a><\/p>\n<p>&nbsp;<\/p>\n<p>&nbsp;<\/p>\n<p>&nbsp;<\/p>\n<p>&nbsp;<\/p>\n<p>&nbsp;<\/p>\n<p>Les deux cartes de v\u0153ux 2014<br \/>\nCr\u00e9ation graphique Vincent Perrottet.<\/p>\n<p><a href=\"http:\/\/www.centresocialfraisvallon.org\/wp-content\/uploads\/2015\/03\/Voeux-2014-bt-B-et-vue-rocade-ok.jpg\"><img loading=\"lazy\" decoding=\"async\" class=\" size-medium wp-image-107 alignleft\" src=\"http:\/\/www.centresocialfraisvallon.org\/wp-content\/uploads\/2015\/03\/Voeux-2014-bt-B-et-vue-rocade-ok-214x300.jpg\" alt=\"VOEUX 2014\" width=\"214\" height=\"300\" srcset=\"https:\/\/www.centresocialfraisvallon.org\/wp-content\/uploads\/2015\/03\/Voeux-2014-bt-B-et-vue-rocade-ok-214x300.jpg 214w, https:\/\/www.centresocialfraisvallon.org\/wp-content\/uploads\/2015\/03\/Voeux-2014-bt-B-et-vue-rocade-ok-731x1024.jpg 731w, https:\/\/www.centresocialfraisvallon.org\/wp-content\/uploads\/2015\/03\/Voeux-2014-bt-B-et-vue-rocade-ok.jpg 886w\" sizes=\"auto, (max-width: 214px) 100vw, 214px\" \/><\/a><a href=\"http:\/\/www.centresocialfraisvallon.org\/wp-content\/uploads\/2011\/12\/voeux-2014-bt-G-et-tour-C2.jpg\"><img loading=\"lazy\" decoding=\"async\" class=\" size-medium wp-image-95 alignleft\" src=\"http:\/\/www.centresocialfraisvallon.org\/wp-content\/uploads\/2011\/12\/voeux-2014-bt-G-et-tour-C2-214x300.jpg\" alt=\"VOEUX 2014\" width=\"214\" height=\"300\" srcset=\"https:\/\/www.centresocialfraisvallon.org\/wp-content\/uploads\/2011\/12\/voeux-2014-bt-G-et-tour-C2-214x300.jpg 214w, https:\/\/www.centresocialfraisvallon.org\/wp-content\/uploads\/2011\/12\/voeux-2014-bt-G-et-tour-C2-731x1024.jpg 731w, https:\/\/www.centresocialfraisvallon.org\/wp-content\/uploads\/2011\/12\/voeux-2014-bt-G-et-tour-C2.jpg 886w\" sizes=\"auto, (max-width: 214px) 100vw, 214px\" \/><\/a><\/p>\n<p>&nbsp;<\/p>\n<p>&nbsp;<\/p>\n<p>&nbsp;<\/p>\n<p>&nbsp;<\/p>\n<p>&nbsp;<\/p>\n<p>&nbsp;<\/p>\n<p>&nbsp;<\/p>\n<p>Carte de v\u0153ux 2013<br \/>\nCr\u00e9ation graphique Vincent Perrottet.<br \/>\n\u2207<br \/>\nngg_shortcode_0_placeholder<\/p>\n<p>Exposition \u00ab\u00a0On peut r\u00eaver\u00a0\u00bb \u00a0de Vincent Perrottet, coll\u00e9e sur les murs de Frais Vallon. Vernissage du 17 mai 2013<\/p>\n<p>\u2207<\/p>\nngg_shortcode_1_placeholder\nngg_shortcode_2_placeholder\nngg_shortcode_3_placeholder\nngg_shortcode_4_placeholder\nngg_shortcode_5_placeholder\nngg_shortcode_6_placeholder\nngg_shortcode_7_placeholder\nngg_shortcode_8_placeholder\nngg_shortcode_9_placeholder\nngg_shortcode_10_placeholder\nngg_shortcode_11_placeholder\nngg_shortcode_12_placeholder\nngg_shortcode_13_placeholder\nngg_shortcode_14_placeholder\nngg_shortcode_15_placeholder\n<p>Exposition \u00ab\u00a0On peut r\u00eaver\u00a0\u00bb de Vincent Perrottet, La Traverse du 20 janvier au 25\u00a0f\u00e9vrier 2012.<\/p>\n<p>\u2207<\/p>\nngg_shortcode_16_placeholder\nngg_shortcode_17_placeholder\nngg_shortcode_18_placeholder\nngg_shortcode_19_placeholder\n<p>Frais Vallon<\/p>\n<p>\u00ab On peut r\u00eaver. \u00bb<\/p>\n<p>Vincent Perrottet a \u00e9t\u00e9 invit\u00e9 fin 2010, \u00e0 l\u2019initiative de l\u2019artiste Suzanne Hetzel par le Centre Social de la cit\u00e9 de Frais Vallon, sa directrice Andr\u00e9e Antolini et son \u00e9quipe, pour produire un travail graphique qui puisse, d\u2019une fa\u00e7on ou d\u2019une autre, nous faire r\u00e9fl\u00e9chir sur la vie de ce quartier de Marseille. Pendant une ann\u00e9e, \u00e0 raison de plusieurs voyages, il a rencont\u00e9, \u00e9cout\u00e9 et photographi\u00e9 des habitants de tous \u00e2ges et des membres associatifs qui se battent pour que la cit\u00e9 vive malgr\u00e9 tout&#8230;<\/p>\n<p>Un \u00e9tat des lieux :<br \/>\nUne des cit\u00e9s les plus importantes de l\u2019hexagone,<br \/>\n14 b\u00e2timents et toujours pas de noms de rue,<br \/>\n6000 habitants, mais pas de biblioth\u00e8que, ni de cin\u00e9ma,<br \/>\n3 \u00e9coles maternelles, mais pas de jeux d\u2019enfants,<br \/>\n2 \u00e9coles primaires mais pas de squares am\u00e9nag\u00e9s pour les familles,<br \/>\n1 coll\u00e8ge de 650 \u00e9l\u00e8ves, mais pas d\u2019\u00e9quipements sportifs, culturels pour les jeunes,<br \/>\nune ville dans la ville, mais pas de police de proximit\u00e9,<br \/>\ndes associations et des services publics qui s\u2019inscrivent dans la connaissance et la compr\u00e9hension des populations, leur histoire, leur environnement mais des associations qui ne peuvent plus se satisfaire de budgets au rabais, des associations, pourtant qualifi\u00e9es d\u2019\u00ab exemplaires \u00bb\u00a0par les financeurs et les acteurs locaux qui n\u2019ont pas les moyens de leurs projets, une souffrance sociale v\u00e9cue par des habitants, mais aussi par les associations et intervenants du quotidien en premi\u00e8re ligne.<br \/>\nGhetto\u00efsation, d\u00e9sespoir, impuissance, disparit\u00e9s de traitement entre les territoires prennent le dessus sur \u00e9nergie, travail en collectif, expertise, savoir faire et comp\u00e9tences des habitants.<br \/>\nUn gouffre se creuse.<br \/>\nComment dans ces conditions mettre en oeuvre les valeurs qui animent notre projet ?<br \/>\nVincent Perrottet a fait une s\u00e9rie d\u2019images-affiches, portrait de Frais Vallon au travers de 24 personnes y vivant ou y intervenant quotidiennement et des textes qui disent les probl\u00e8mes et les esp\u00e9rances de celles-ci. Un an de travail pour la r\u00e9alisation de 32 affiches 60&#215;80 cm. Il y avait la volont\u00e9 de traduire dans ces portraits la force et la beaut\u00e9 qui se trouve dans la r\u00e9sistance de celles et de ceux qui ne se r\u00e9signent pas \u00e0 vivre ind\u00e9finiment dans des quartiers dits sensibles ou difficiles, qui croient qu\u2019il est possible de se battre et de changer les conditions de cette vie.<\/p>\n<p>On peut r\u00eaver&#8230; et puis r\u00e9aliser ses r\u00eaves.<\/p>\nngg_shortcode_20_placeholder\nngg_shortcode_21_placeholder\nngg_shortcode_22_placeholder\nngg_shortcode_23_placeholder\n<p><iframe loading=\"lazy\" src=\"http:\/\/www.youtube.com\/embed\/HSNM_25tYB8\" width=\"560\" height=\"315\" frameborder=\"0\"><\/iframe><\/p>\n<div>Carte de v\u0153ux 2012<\/div>\n<div>Cr\u00e9ation graphique Vincent Perrottet.<br \/>\n\u2207<\/div>\nngg_shortcode_24_placeholder\nngg_shortcode_25_placeholder\n<p>Invitation \u00e0 l&rsquo;exposition \u00ab\u00a0On peut r\u00eaver\u00a0\u00bb au Centre Social.<br \/>\nCr\u00e9ation graphique Vincente Perrottet.<br \/>\n\u2207<\/p>\nngg_shortcode_26_placeholder\n<p>Objet trouv\u00e9.<br \/>\nPhotographie de Suzanne Hetzel.<br \/>\n\u2207<\/p>\nngg_shortcode_27_placeholder\n<p>Courant 2011. R\u00e9sidence de Vincent Perrottet \u00e0 Frais Vallon<br \/>\nS\u00e9rie de 24 portraits d&rsquo;habitants auxquels viendront s&rsquo;ajouter 8 affiches-textes.<br \/>\nCr\u00e9ation de Vincent Perrottet.<br \/>\n\u2207<\/p>\nngg_shortcode_28_placeholder\nngg_shortcode_29_placeholder\nngg_shortcode_30_placeholder\nngg_shortcode_31_placeholder\n<p>D\u00e9cembre 2011.<br \/>\nInvitation \u00e0 l&rsquo;inauguration du Centre Social r\u00e9nov\u00e9.<br \/>\nCr\u00e9ation de Vincent Perrottet.<br \/>\n\u2207<\/p>\nngg_shortcode_32_placeholder\n<p>Septembre 2011.<br \/>\nD\u00e9pliant. 5 balades urbaines.<br \/>\nProjet M\u00e9moire de quartier, voyages d&rsquo;habitants.<br \/>\n\u2207<\/p>\nngg_shortcode_33_placeholder\nngg_shortcode_34_placeholder\nngg_shortcode_35_placeholder\n<p>\u2207<br \/>\nbalades 6.<br \/>\nLe 22 juin 2011.<br \/>\nL&rsquo;orientalisme en Europe. De Delacroix \u00e0 Matisse.<br \/>\nCentre de Vieille Charit\u00e9, Marseille.<\/p>\n<p>Avec l&rsquo;\u00e9crivain Mika Biermann.<\/p>\nngg_shortcode_36_placeholder\nngg_shortcode_37_placeholder\nngg_shortcode_38_placeholder\n<p>Carte de voeux 2011. Cr\u00e9ation de Vincent Perrottet.<br \/>\n\u2207<\/p>\nngg_shortcode_39_placeholder\nngg_shortcode_40_placeholder\n<p>Novembre 2010<br \/>\nLe Centre Social invite le graphiste Vincent Perrottet en r\u00e9sidence.<br \/>\nUne premi\u00e8re pr\u00e9sentation de son travail a lieu dans un espace d&rsquo;exposition : la Traverse.<br \/>\n\u2207<\/p>\nngg_shortcode_41_placeholder\nngg_shortcode_42_placeholder\nngg_shortcode_43_placeholder\nngg_shortcode_44_placeholder\n<p>Balade 5.<br \/>\nLe 24 novembre 2010.<br \/>\nDe la gare Saint-Charles \u00e0 la Bricarde.<br \/>\nAvec l&rsquo;artiste Marc Quer.<br \/>\n\u2207<\/p>\nngg_shortcode_45_placeholder\nngg_shortcode_46_placeholder\nngg_shortcode_47_placeholder\n<p>Objet trouv\u00e9 lors de la balade avec Marc Quer.<br \/>\nPhotographie de Suzanne Hetzel.<br \/>\n\u2207<\/p>\nngg_shortcode_48_placeholder\nngg_shortcode_49_placeholder\n<p>2010, balades 2,3 et 4.<br \/>\nVoir Frais Vallon loin de Frais Vallon.<br \/>\nAvec le professeur d&rsquo;architecture Nicolas Memain.<br \/>\n\u2207<\/p>\nngg_shortcode_50_placeholder\n<p>Balade 4.\u00a0Le 12 juin 2010.<br \/>\nLe groupe Frais- Vallon 1965 par Andr\u00e9 Devin.<br \/>\n\u2207<\/p>\nngg_shortcode_51_placeholder\n<p>Balade 3.\u00a0Le 9 juin 2010.<br \/>\nLa r\u00e9sidence le Corbusier 1947-53.<br \/>\n\u2207<\/p>\nngg_shortcode_52_placeholder\n<p>Balade 2.\u00a0Le 2 juin 2010.<br \/>\nLa r\u00e9sidence Saint Nicolas de 1956 par Andr\u00e9 Devin.<br \/>\n\u2207<\/p>\nngg_shortcode_53_placeholder\n<p>Carte de voeux.<br \/>\nCr\u00e9ation Thierry Crombet. Photographie Pierre Prouv\u00e8ze.<br \/>\nBalade de Frais Vallon \u00e0 la Valentine avec Hendrik Sturm.<br \/>\n\u2207<\/p>\nngg_shortcode_54_placeholder\n<p>Balade 1.\u00a0Le 14 novembre 2009.<br \/>\nDe Frais Vallon \u00e0 la Valentine.<br \/>\nAvec l&rsquo;artiste-marcheur Hendrik Sturm.<br \/>\n\u2207<\/p>\nngg_shortcode_55_placeholder\nngg_shortcode_56_placeholder\nngg_shortcode_57_placeholder\n<p>2009. Invitation \u00e0 un d\u00e9fil\u00e9 de mode \u00e0 la boutique v\u00eati-toi.<br \/>\nCr\u00e9ation de Nicole Guidi.<br \/>\n\u2207<\/p>\nngg_shortcode_58_placeholder\n<p>Carte de voeux 2009.<br \/>\nCr\u00e9ation de Thierry Crombet. Photographie Christian Bardet.<br \/>\n\u2207<\/p>\nngg_shortcode_59_placeholder\nngg_shortcode_60_placeholder\n<p>Objet Trouv\u00e9 \u00e0 Frais Vallon<br \/>\nPhotographie de Suzanne Hetzel.<br \/>\n\u2207<\/p>\nngg_shortcode_61_placeholder\n<p>Carte de voeux 2008.<br \/>\nCarte annon\u00e7ant la sortie du livre :<br \/>\n<em>\u2026 on \u00e9tait sur le mur, on faisait rien de mal\u2026 <\/em>(\u00e9ditions CAUE 13, 2007).<br \/>\nCr\u00e9ation graphique de Thierry Crombet.<br \/>\n\u2207<\/p>\nngg_shortcode_62_placeholder\n<p>Photographies de Suzanne Hetzel.<br \/>\n\u2207<\/p>\nngg_shortcode_63_placeholder\nngg_shortcode_64_placeholder\nngg_shortcode_65_placeholder\n<p>Carte extraite du livre \u00e9dit\u00e9 en 2007.<br \/>\nCr\u00e9ation de Thierry Combret.<br \/>\n\u2207<\/p>\nngg_shortcode_66_placeholder\nngg_shortcode_67_placeholder\n<p>Affiches tir\u00e9es du livre <em>on \u00e9tait sur le mur\u2026<\/em>. Suzanne Hetzel.<br \/>\n\u2207<\/p>\nngg_shortcode_68_placeholder\n<p><em>&#8230;on \u00e9tait sur le mur, on faisait rien de mal.<\/em><br \/>\n\u00e9dition G\u00e9n\u00e9rales, CAUE 13, 2007<br \/>\ncr\u00e9ation graphique Thierry Crombet.<\/p>\n<p>Textes de Chantal Deckmyn, Christian Bardet. Entretiens par Andr\u00e9e<br \/>\nAntolini, Pierre Prouv\u00e8ze. Photographies de Suzanne Hetzel.<\/p>\n<p>Ce livre, con\u00e7u par le Centre Social, dit comment les histoires des hommes qui vivent un lieu au quotidien tissent inlassablement l\u2019histoire du lieu lui-m\u00eame. Les souvenirs de chacun, mais aussi les objets avec lesquels ils vivent, t\u00e9moignent de la richesse compos\u00e9e de leur m\u00e9moire.<br \/>\n\u2207<\/p>\nngg_shortcode_69_placeholder\n<p>Extrait de la partie Habitant : entretiens, p.69<br \/>\n\u2207<\/p>\nngg_shortcode_70_placeholder\n<p>Photographies de Suzanne Hetzel.<br \/>\n\u2207<\/p>\nngg_shortcode_71_placeholder\nngg_shortcode_72_placeholder\nngg_shortcode_73_placeholder\nngg_shortcode_74_placeholder\n<p>Carte de voeux 2006 extraite du livre.<br \/>\nCr\u00e9ation Thierry Crombet.<br \/>\n\u2207<\/p>\nngg_shortcode_75_placeholder\n<p>Carte de voeux 2005.<br \/>\nPhotographie de Suzanne Hetzel.<br \/>\n\u2207<\/p>\nngg_shortcode_76_placeholder\n<p>Carte de voeux 2004.<br \/>\nPhotographie de Suzanne Hetzel.<br \/>\n\u2207<\/p>\nngg_shortcode_77_placeholder\n<p>Carte de voeux 2003.<br \/>\nPhotographie de Suzanne Hetzel.<br \/>\n\u2207<\/p>\nngg_shortcode_78_placeholder\n<p>D\u00e9fil\u00e9 des communaut\u00e9s organis\u00e9 par la boutique V\u00eati Toi en\u00a0Juillet\u00a02003.<br \/>\nPhotographie de St\u00e9phanie T\u00e9tu.<br \/>\n\u2207<\/p>\nngg_shortcode_79_placeholder\nngg_shortcode_80_placeholder\nngg_shortcode_81_placeholder\n<p>Objet trouv\u00e9 \u00e0 Frais Vallon.<br \/>\nPhotographie de Suzanne Hetzel.<br \/>\n\u2207<\/p>\nngg_shortcode_82_placeholder\n<p>Carte de voeux compos\u00e9e avec les diff\u00e9rents cadeaux offerts au Centre Social par des personnes au retour de vacances.<br \/>\nPhotographie de Suzanne Hetzel.<br \/>\n\u2207<\/p>\nngg_shortcode_83_placeholder\nngg_shortcode_84_placeholder\n<p>Cartes pour R\u00e9seaux 13, \u00c0 Frais Vallon, ensemble dans la pr\u00e9vention.<br \/>\nPhotographies de Suzanne Hetzel.<br \/>\n\u2207<\/p>\nngg_shortcode_85_placeholder\nngg_shortcode_86_placeholder\n<p>Photographies de Suzanne Hetzel.<br \/>\n\u2207<\/p>\nngg_shortcode_87_placeholder\nngg_shortcode_88_placeholder\nngg_shortcode_89_placeholder\n<p>Carte d&rsquo;inauguration du mur d&rsquo;images \u00e0 Frais Vallon.<br \/>\nCarte de voeux 2001.<br \/>\nPhotographies de Suzanne Hetzel, Centre Social, Bruno Boudjelal.<br \/>\n\u2207<\/p>\nngg_shortcode_90_placeholder\nngg_shortcode_91_placeholder\n<p>Le mur d&rsquo;images de Frais Vallon.<br \/>\nPhotographies de Bruno Boudjelal, Suzanne Hetzel, Archives du Centre Social.<br \/>\n\u2207<\/p>\nngg_shortcode_92_placeholder\nngg_shortcode_93_placeholder\nngg_shortcode_94_placeholder\n<p>Bruno Boudjelal affiche le travail des cm2 de l&rsquo;\u00e9cole Beuvin B de Cr\u00e9teil.<br \/>\n\u2207<\/p>\nngg_shortcode_95_placeholder\n<p>Photographies de Suzanne Hetzel.<br \/>\n\u2207<\/p>\nngg_shortcode_96_placeholder\nngg_shortcode_97_placeholder\n<p>Habitat Marseille Provence (HMP) fait du mur d&rsquo;image<br \/>\nsa carte de voeux 2001.<br \/>\n\u2207<\/p>\nngg_shortcode_98_placeholder\n<p>Carte de Voeux 2000.<br \/>\nPhotographie de Suzanne Hetzel.<br \/>\n\u2207<\/p>\nngg_shortcode_99_placeholder\n<p>Carte Postale 1998.<br \/>\nPhotographie de Suzanne Hetzel, cr\u00e9ation graphique de Isabelle Massu.<br \/>\n\u2207<\/p>\nngg_shortcode_100_placeholder\nngg_shortcode_101_placeholder\n<p>Carte Postale 1998.<br \/>\nPhotographie de Antoine d&rsquo;Agata, cr\u00e9ation graphique de Isabelle Massu.<br \/>\n\u2207<\/p>\nngg_shortcode_102_placeholder\n<p>Photographie de Antoine d&rsquo;Agata pour le projet carte postale. 1998.<br \/>\n\u2207<\/p>\nngg_shortcode_103_placeholder\n<p>Objet trouv\u00e9 \u00e0 Frais Vallon.<br \/>\nPhotographie de Suzanne Hetzel.<br \/>\n\u2207<\/p>\nngg_shortcode_104_placeholder\n<p>Carte de voeux 1998.<br \/>\nPhotographie de Bernard Paoli.<br \/>\n\u2207<\/p>\nngg_shortcode_105_placeholder\n<p>Photographies de Suzanne Hetzel.<br \/>\n\u2207<\/p>\nngg_shortcode_106_placeholder\nngg_shortcode_107_placeholder\nngg_shortcode_108_placeholder\n<p>Carte de voeux 1997.Photographie de Andr\u00e9e Antolini.<br \/>\n\u2207<\/p>\nngg_shortcode_109_placeholder\n<p>1996. Affichage dans Frais Vallon \u00e0 l&rsquo;occasion d&rsquo;une semaine portes ouvertes du Centre Social.<br \/>\nPhotographies de Isabelle Massu, Suzanne Hetzel et Antoine d&rsquo;Agata.<br \/>\n\u2207<\/p>\nngg_shortcode_110_placeholder\nngg_shortcode_111_placeholder\nngg_shortcode_112_placeholder\n<p>Photographies de Isabelle Massu.<br \/>\n\u2207<\/p>\nngg_shortcode_113_placeholder\nngg_shortcode_114_placeholder\n<p>Carte de voeux 1996.<br \/>\nPhotographie de Andr\u00e9e Antolini.<br \/>\n\u2207<br \/>\nngg_shortcode_115_placeholder<\/p>\n<p>Carte de voeux 1995.<br \/>\nPhotographie de Andr\u00e9e Antolini.<br \/>\n\u2207<\/p>\nngg_shortcode_116_placeholder\n<p>Premi\u00e8re carte de voeux du Centre Social, 1994.<br \/>\nPhotographie de Suzanne Hetzel.<br \/>\n\u2207<\/p>\nngg_shortcode_117_placeholder\nngg_shortcode_118_placeholder\n<p>Parution dans le journal du CG13. F\u00e9vrier 1994.<br \/>\nPhotographies de Suzanne Hetzel.<br \/>\nFamilles ayant habit\u00e9 au b\u00e2timent D, d\u00e9truit en 1992.<br \/>\n\u2207<\/p>\nngg_shortcode_119_placeholder\nngg_shortcode_120_placeholder\n<p>Implosion du b\u00e2timent D.<br \/>\n\u2207<\/p>\nngg_shortcode_121_placeholder\n<p>Photographies de Suzanne Hetzel.<br \/>\n\u2207<\/p>\nngg_shortcode_122_placeholder\nngg_shortcode_123_placeholder\nngg_shortcode_124_placeholder\n<p>Le Centre Social a re\u00e7u le soutien financier de\u00a0:<br \/>\nL&rsquo;Etat: l&rsquo;ACSE<br \/>\nla DRAC PACA : <em>Identit\u00e9s, Parcours, M\u00e9moire<\/em>,\u00a0<em>pour une dynamique culturelle dans les quartiers.<\/em><br \/>\nle CUCS : Ville de Marseille et Conseil R\u00e9gional PACA.<br \/>\nPartenaires : R\u00e9seaux 13, Le th\u00e9\u00e2tre de Mer et Multi-passions<\/p>\n<p>Si vous souhaitez acqu\u00e9rir des cartes, le d\u00e9pliant ou des affiches, adressez vous directement au Centre Social (dans la mesure des disponibles)\u00a0: centresocialfraisvallon@wanadoo.fr<br \/>\nAvenue de Frais Vallon, b\u00e2timent N, 13013 Marseille, t\u00e9l. 04 91 66 79 35<br \/>\nDirectrice : Andr\u00e9e Antolini<\/p>\n<p>Pour les travaux photographiques de Suzanne Hetzel, vous pouvez consulter le site\u00a0: documentsdartistes.org\/hetzel ou suzannehetzel@orange.fr<\/p>\n<p>Pour les travaux photographiques de Bruno Boudjelal, vous pouvez consulter le site\u00a0: www.agencevu.com ou boudjelal_bruno@hotmail.com<br \/>\n<small> <a href=\"http:\/\/jil.daniel.free.fr\">site r\u00e9alis\u00e9 par Jil Daniel <\/a>sur wordpress<\/small><\/p>\n","protected":false},"excerpt":{"rendered":"<p>Cr\u00e9ation graphique Vincent Perrottet. &nbsp; &nbsp; &nbsp; &nbsp; &nbsp; Les deux cartes de v\u0153ux 2014 Cr\u00e9ation graphique Vincent Perrottet. &nbsp; &nbsp; &nbsp; &nbsp; &nbsp; &nbsp; &nbsp; Carte de v\u0153ux 2013 Cr\u00e9ation graphique Vincent Perrottet. \u2207 Exposition \u00ab\u00a0On peut r\u00eaver\u00a0\u00bb \u00a0de Vincent Perrottet, coll\u00e9e sur les murs de Frais Vallon. Vernissage du 17 mai 2013 \u2207 [&hellip;]<\/p>\n","protected":false},"author":1,"featured_media":0,"comment_status":"closed","ping_status":"open","sticky":false,"template":"","format":"standard","meta":{"ngg_post_thumbnail":0,"footnotes":""},"categories":[1],"tags":[],"class_list":["post-1","post","type-post","status-publish","format-standard","hentry","category-non-classe"],"_links":{"self":[{"href":"https:\/\/www.centresocialfraisvallon.org\/index.php?rest_route=\/wp\/v2\/posts\/1","targetHints":{"allow":["GET"]}}],"collection":[{"href":"https:\/\/www.centresocialfraisvallon.org\/index.php?rest_route=\/wp\/v2\/posts"}],"about":[{"href":"https:\/\/www.centresocialfraisvallon.org\/index.php?rest_route=\/wp\/v2\/types\/post"}],"author":[{"embeddable":true,"href":"https:\/\/www.centresocialfraisvallon.org\/index.php?rest_route=\/wp\/v2\/users\/1"}],"replies":[{"embeddable":true,"href":"https:\/\/www.centresocialfraisvallon.org\/index.php?rest_route=%2Fwp%2Fv2%2Fcomments&post=1"}],"version-history":[{"count":78,"href":"https:\/\/www.centresocialfraisvallon.org\/index.php?rest_route=\/wp\/v2\/posts\/1\/revisions"}],"predecessor-version":[{"id":149,"href":"https:\/\/www.centresocialfraisvallon.org\/index.php?rest_route=\/wp\/v2\/posts\/1\/revisions\/149"}],"wp:attachment":[{"href":"https:\/\/www.centresocialfraisvallon.org\/index.php?rest_route=%2Fwp%2Fv2%2Fmedia&parent=1"}],"wp:term":[{"taxonomy":"category","embeddable":true,"href":"https:\/\/www.centresocialfraisvallon.org\/index.php?rest_route=%2Fwp%2Fv2%2Fcategories&post=1"},{"taxonomy":"post_tag","embeddable":true,"href":"https:\/\/www.centresocialfraisvallon.org\/index.php?rest_route=%2Fwp%2Fv2%2Ftags&post=1"}],"curies":[{"name":"wp","href":"https:\/\/api.w.org\/{rel}","templated":true}]}}