{"id":143,"date":"2016-10-13T16:06:55","date_gmt":"2016-10-13T16:06:55","guid":{"rendered":"http:\/\/www.centresocialfraisvallon.org\/?p=143"},"modified":"2016-10-19T09:47:57","modified_gmt":"2016-10-19T09:47:57","slug":"les-quatre-cartes-de-voeux-2016","status":"publish","type":"post","link":"https:\/\/www.centresocialfraisvallon.org\/?p=143","title":{"rendered":"Les quatre cartes de v\u0153ux 2016"},"content":{"rendered":"<p>Ces photos sont issues d\u2019un travail photographique qui a \u00e9t\u00e9 men\u00e9 avec Suzanne Hetzel dans le cadre du projet \u00ab\u2009panora\u2019mixte\u2009\u00bb initi\u00e9 par le MUCEM, \u00e0 l\u2019occasion de l\u2019exposition J\u2019aime les panorama (4 novembre 2015 au 29 f\u00e9vrier 2016).<\/p>\n<p><img loading=\"lazy\" decoding=\"async\" class=\"aligncenter size-large wp-image-118\" src=\"http:\/\/www.centresocialfraisvallon.org\/wp-content\/uploads\/2016\/10\/VOEUX-2016-4-1024x732.jpg\" alt=\"VOEUX 2016 - RECTO 4 OK\" width=\"1024\" height=\"732\" srcset=\"https:\/\/www.centresocialfraisvallon.org\/wp-content\/uploads\/2016\/10\/VOEUX-2016-4-1024x732.jpg 1024w, https:\/\/www.centresocialfraisvallon.org\/wp-content\/uploads\/2016\/10\/VOEUX-2016-4-300x214.jpg 300w, https:\/\/www.centresocialfraisvallon.org\/wp-content\/uploads\/2016\/10\/VOEUX-2016-4.jpg 1240w\" sizes=\"auto, (max-width: 1024px) 100vw, 1024px\" \/><\/p>\n<p>&nbsp;<\/p>\n<p><a href=\"http:\/\/www.centresocialfraisvallon.org\/wp-content\/uploads\/2016\/10\/VOEUX-2016-3.jpg\"><img loading=\"lazy\" decoding=\"async\" class=\"aligncenter size-large wp-image-117\" src=\"http:\/\/www.centresocialfraisvallon.org\/wp-content\/uploads\/2016\/10\/VOEUX-2016-3-732x1024.jpg\" alt=\"VOEUX 2016 - RECTO 3 OK\" width=\"732\" height=\"1024\" srcset=\"https:\/\/www.centresocialfraisvallon.org\/wp-content\/uploads\/2016\/10\/VOEUX-2016-3-732x1024.jpg 732w, https:\/\/www.centresocialfraisvallon.org\/wp-content\/uploads\/2016\/10\/VOEUX-2016-3-214x300.jpg 214w, https:\/\/www.centresocialfraisvallon.org\/wp-content\/uploads\/2016\/10\/VOEUX-2016-3.jpg 886w\" sizes=\"auto, (max-width: 732px) 100vw, 732px\" \/><\/a><\/p>\n<p>&nbsp;<\/p>\n<p>&nbsp;<\/p>\n<p><a href=\"http:\/\/www.centresocialfraisvallon.org\/wp-content\/uploads\/2016\/10\/VOEUX-2016-2.jpg\"><img loading=\"lazy\" decoding=\"async\" class=\"aligncenter size-full wp-image-119\" src=\"http:\/\/www.centresocialfraisvallon.org\/wp-content\/uploads\/2016\/10\/VOEUX-2016-2.jpg\" alt=\"VOEUX 2016 - RECTO 2 OK\" width=\"886\" height=\"1240\" srcset=\"https:\/\/www.centresocialfraisvallon.org\/wp-content\/uploads\/2016\/10\/VOEUX-2016-2.jpg 886w, https:\/\/www.centresocialfraisvallon.org\/wp-content\/uploads\/2016\/10\/VOEUX-2016-2-214x300.jpg 214w, https:\/\/www.centresocialfraisvallon.org\/wp-content\/uploads\/2016\/10\/VOEUX-2016-2-732x1024.jpg 732w\" sizes=\"auto, (max-width: 886px) 100vw, 886px\" \/><\/a><\/p>\n<p>&nbsp;<\/p>\n<p>&nbsp;<\/p>\n<div id=\"attachment_116\" style=\"width: 896px\" class=\"wp-caption aligncenter\"><a href=\"http:\/\/www.centresocialfraisvallon.org\/wp-content\/uploads\/2016\/10\/VOEUX-2016-1.jpg\"><img loading=\"lazy\" decoding=\"async\" aria-describedby=\"caption-attachment-116\" class=\"size-full wp-image-116\" src=\"http:\/\/www.centresocialfraisvallon.org\/wp-content\/uploads\/2016\/10\/VOEUX-2016-1.jpg\" alt=\"Photos de Sabri Zouaghi, Ouly Soumar\u00e9, d\u2019Abou M\u2019roimana et Nassur Soul\u00e9. Cr\u00e9ation graphique Vincent Perrottet.\" width=\"886\" height=\"1240\" srcset=\"https:\/\/www.centresocialfraisvallon.org\/wp-content\/uploads\/2016\/10\/VOEUX-2016-1.jpg 886w, https:\/\/www.centresocialfraisvallon.org\/wp-content\/uploads\/2016\/10\/VOEUX-2016-1-214x300.jpg 214w, https:\/\/www.centresocialfraisvallon.org\/wp-content\/uploads\/2016\/10\/VOEUX-2016-1-732x1024.jpg 732w\" sizes=\"auto, (max-width: 886px) 100vw, 886px\" \/><\/a><p id=\"caption-attachment-116\" class=\"wp-caption-text\">Photos de Sabri Zouaghi, Ouly Soumar\u00e9, d\u2019Abou M\u2019roimana et Nassur Soul\u00e9.<br \/>Cr\u00e9ation graphique Vincent Perrottet.<\/p><\/div>\n<p>&nbsp;<\/p>\n<p>&nbsp;<\/p>\n<p>&nbsp;<\/p>\n","protected":false},"excerpt":{"rendered":"<p>Ces photos sont issues d\u2019un travail photographique qui a \u00e9t\u00e9 men\u00e9 avec Suzanne Hetzel dans le cadre du projet \u00ab\u2009panora\u2019mixte\u2009\u00bb initi\u00e9 par le MUCEM, \u00e0 l\u2019occasion de l\u2019exposition J\u2019aime les panorama (4 novembre 2015 au 29 f\u00e9vrier 2016). &nbsp; &nbsp; &nbsp; &nbsp; &nbsp; &nbsp; &nbsp; &nbsp;<\/p>\n","protected":false},"author":1,"featured_media":0,"comment_status":"open","ping_status":"open","sticky":false,"template":"","format":"standard","meta":{"ngg_post_thumbnail":0,"footnotes":""},"categories":[1],"tags":[],"class_list":["post-143","post","type-post","status-publish","format-standard","hentry","category-non-classe"],"_links":{"self":[{"href":"https:\/\/www.centresocialfraisvallon.org\/index.php?rest_route=\/wp\/v2\/posts\/143","targetHints":{"allow":["GET"]}}],"collection":[{"href":"https:\/\/www.centresocialfraisvallon.org\/index.php?rest_route=\/wp\/v2\/posts"}],"about":[{"href":"https:\/\/www.centresocialfraisvallon.org\/index.php?rest_route=\/wp\/v2\/types\/post"}],"author":[{"embeddable":true,"href":"https:\/\/www.centresocialfraisvallon.org\/index.php?rest_route=\/wp\/v2\/users\/1"}],"replies":[{"embeddable":true,"href":"https:\/\/www.centresocialfraisvallon.org\/index.php?rest_route=%2Fwp%2Fv2%2Fcomments&post=143"}],"version-history":[{"count":5,"href":"https:\/\/www.centresocialfraisvallon.org\/index.php?rest_route=\/wp\/v2\/posts\/143\/revisions"}],"predecessor-version":[{"id":151,"href":"https:\/\/www.centresocialfraisvallon.org\/index.php?rest_route=\/wp\/v2\/posts\/143\/revisions\/151"}],"wp:attachment":[{"href":"https:\/\/www.centresocialfraisvallon.org\/index.php?rest_route=%2Fwp%2Fv2%2Fmedia&parent=143"}],"wp:term":[{"taxonomy":"category","embeddable":true,"href":"https:\/\/www.centresocialfraisvallon.org\/index.php?rest_route=%2Fwp%2Fv2%2Fcategories&post=143"},{"taxonomy":"post_tag","embeddable":true,"href":"https:\/\/www.centresocialfraisvallon.org\/index.php?rest_route=%2Fwp%2Fv2%2Ftags&post=143"}],"curies":[{"name":"wp","href":"https:\/\/api.w.org\/{rel}","templated":true}]}}